{"id":45643,"date":"2026-04-13T07:06:22","date_gmt":"2026-04-13T04:06:22","guid":{"rendered":"https:\/\/visionest.institute\/2026\/04\/13\/ekspordikiirendi-programm-kaivitus-jerevanis-strateegiast-tegudeni\/"},"modified":"2026-04-30T08:44:50","modified_gmt":"2026-04-30T05:44:50","slug":"ekspordikiirendi-programm-kaivitus-jerevanis-strateegiast-tegudeni","status":"publish","type":"post","link":"https:\/\/visionest.institute\/en\/2026\/04\/13\/ekspordikiirendi-programm-kaivitus-jerevanis-strateegiast-tegudeni\/","title":{"rendered":"Photo Gallery \u27e9 Export Acceleration Programme Launched in Yerevan: From Strategy to Action"},"content":{"rendered":"\n<h3 class=\"wp-block-heading\">Open discussion, practical case stories, and cooperation between partners from Estonia, Armenia and other European countries laid the foundation for a programme focused on fast and meaningful development of export capacity.<\/h3>\n\n\n\n<figure class=\"wp-block-image size-large\"><img decoding=\"async\" width=\"1280\" height=\"853\" src=\"https:\/\/visionest.institute\/wp-content\/uploads\/2026\/04\/PHS_8765-1280x853.jpg\" alt=\"Foto: SIMONYAN HAKOB\" class=\"wp-image-45400\" srcset=\"https:\/\/visionest.institute\/wp-content\/uploads\/2026\/04\/PHS_8765-1280x853.jpg 1280w, https:\/\/visionest.institute\/wp-content\/uploads\/2026\/04\/PHS_8765-600x400.jpg 600w, https:\/\/visionest.institute\/wp-content\/uploads\/2026\/04\/PHS_8765-768x512.jpg 768w, https:\/\/visionest.institute\/wp-content\/uploads\/2026\/04\/PHS_8765-1536x1024.jpg 1536w, https:\/\/visionest.institute\/wp-content\/uploads\/2026\/04\/PHS_8765-2048x1365.jpg 2048w\" sizes=\"(max-width: 1280px) 100vw, 1280px\" \/><figcaption class=\"wp-element-caption\">Photos: SIMONYAN HAKOB<\/figcaption><\/figure>\n\n\n\n<h2 class=\"wp-block-heading\">Shared goal: strengthening Armenia\u2019s export potential<\/h2>\n\n\n\n<p>The opening event was moderated by Astghik Sargsyan, who highlighted in her introduction the strong participation of partners, experts and decision-makers \u2013 a clear sign that boosting Armenia\u2019s export potential is a common priority.<\/p>\n\n\n\n<p>The official opening was entrusted to Anu\u2011Mall Naarits, CEO of Visionest Institute, who stressed that the programme will not remain on the level of strategy papers, but is designed to lead companies to tangible results in foreign markets.<\/p>\n\n\n\n<p><a href=\"https:\/\/visionest.institute\/en\/journal\/?category=armeenia\" target=\"_blank\" rel=\"noreferrer noopener\">Visionest has previous experience<\/a> in delivering export trainings for Armenian entrepreneurs, and the new programme builds directly on that foundation.<\/p>\n\n\n\n<h2 class=\"wp-block-heading\">Panel discussion: what kind of support really helps exports grow?<\/h2>\n\n\n\n<p>The core of the event was the panel discussion \u201cFrom Strategy to Action: How Development Cooperation Can Support Armenian Exporters\u201d, which focused on how development cooperation and international partnerships can best support Armenian businesses.<\/p>\n\n\n\n<p>The panel featured:<\/p>\n\n\n\n<ul class=\"wp-block-list\">\n<li>Anushik Avetyan, Deputy Minister, Ministry of Economy of Armenia\u00a0<\/li>\n\n\n\n<li>Frank Hess, Head of Cooperation, EU Delegation to Armenia\u00a0<\/li>\n\n\n\n<li>Klas Waldenstr\u00f6m, Head of Development Cooperation, Embassy of Sweden\u00a0<\/li>\n\n\n\n<li>Katrin Buder\u2011Pelz, Head of Development Cooperation, Embassy of Germany<\/li>\n<\/ul>\n\n\n\n<p>The discussion addressed several key questions:<\/p>\n\n\n\n<ul class=\"wp-block-list\">\n<li>What does real support mean for a company \u2013 which programmes and solutions deliver measurable results?\u00a0<\/li>\n\n\n\n<li>What are the main priorities for making Armenia \u201cexport-ready\u201d \u2013 in terms of policy, business environment and entrepreneurial skills?\u00a0<\/li>\n\n\n\n<li>Is development cooperation still in the strategy phase or are concrete results already visible on the ground?\u00a0<\/li>\n\n\n\n<li>How do Armenia\u2013EU relations influence the implementation of new initiatives and the continued presence of international organisations?\u00a0<\/li>\n\n\n\n<li>What should Armenian exporters focus on right now \u2013 which markets and opportunities are most relevant today?<\/li>\n<\/ul>\n\n\n\n<p>Panellists underlined that building export capacity requires both political continuity and hands-on support for companies \u2013 from market research and export planning to networking and access to finance.<\/p>\n\n\n\n<h2 class=\"wp-block-heading\">Export in practice: the experience of Pogos Software<\/h2>\n\n\n\n<p>To bring strategy down to the level of everyday business reality, Visionest export training alumna Naira Yezekyan, founder and CEO of Pogos Software, presented her company\u2019s journey to foreign markets, sharing the steps, decisions and mistakes that proved critical for growth.<\/p>\n\n\n\n<blockquote class=\"wp-block-quote is-layout-flow wp-block-quote-is-layout-flow\">\n<p>\u201cIt was a very effective, practical and comprehensive training course that covered all the stages and activities related to the overall export process. This type of training is very important for Armenian SMEs, as companies often face a lack of necessary professional information and difficulties in accessing it. Usually they have to obtain this information independently from many different public and private institutions, consultants and sources, which is time-consuming and costly and unfortunately not always effective or of good quality. In addition to the fact that the training information was presented clearly and in a structured way \u2013 covering the entire export process \u2013 it was particularly valuable to gain practical skills and knowledge that we have already integrated into our daily work and of course plan to further develop and apply in all our future activities.\u201d \u2013 Sirush Tiratsvyani (Noyland LLC)<\/p>\n<\/blockquote>\n\n\n\n<p>The case study illustrated how:<\/p>\n\n\n\n<ul class=\"wp-block-list\">\n<li>international cooperation and training programmes can change a company\u2019s mindset and goal-setting,\u00a0<\/li>\n\n\n\n<li>a clear export strategy and focus help smaller firms use limited resources wisely,\u00a0<\/li>\n\n\n\n<li>practical tools and mentors support companies in securing their first export deals.<\/li>\n<\/ul>\n\n\n\n<p>Such stories are a key element of the programme \u2013 they lower perceived barriers and show that success in foreign markets is achievable even for smaller businesses.<\/p>\n\n\n\n<h2 class=\"wp-block-heading\">A shared perspective from Estonia, Armenia and partners<\/h2>\n\n\n\n<p>During the official opening segment, high-level representatives from Estonia, Armenia and programme partners took the floor.<\/p>\n\n\n\n<p>Speakers included:<\/p>\n\n\n\n<ul class=\"wp-block-list\">\n<li>Margus Tsahkna, Minister of Foreign Affairs of Estonia, who stressed Estonia\u2019s experience as a small but strongly export-oriented economy and its readiness to share this know\u2011how with Armenia.\u00a0<\/li>\n\n\n\n<li>Anushik Avetyan, Deputy Minister at the Armenian Ministry of Economy, who outlined Armenia\u2019s vision and priorities in export development.\u00a0<\/li>\n\n\n\n<li>Andres \u00c4\u00e4remaa, Digital Transformation Programme Manager at the Estonian Centre for International Development (ESTDEV), who presented Estonia\u2019s development cooperation role and future plans to support Armenia\u2019s business sector.<\/li>\n<\/ul>\n\n\n\n<p>Their statements confirmed that the programme is not a stand\u2011alone project, but part of a broader cooperation framework connecting:<\/p>\n\n\n\n<ul class=\"wp-block-list\">\n<li>policymakers,\u00a0<\/li>\n\n\n\n<li>development cooperation organisations,\u00a0<\/li>\n\n\n\n<li>international partners,\u00a0<\/li>\n\n\n\n<li>and local businesses.<\/li>\n<\/ul>\n\n\n\n<h2 class=\"wp-block-heading\">Export accelerator: what does the programme offer?<\/h2>\n\n\n\n<p>On the occasion of the official launch of the Export Acceleration Programme, Visionest Institute CEO Anu\u2011Mall Naarits provided a detailed overview of the programme\u2019s content and objectives.<\/p>\n\n\n\n<p>The programme focuses on:<\/p>\n\n\n\n<ul class=\"wp-block-list\">\n<li>creating or refining companies\u2019 export strategies,\u00a0<\/li>\n\n\n\n<li>selecting and validating target markets,\u00a0<\/li>\n\n\n\n<li>practical tools (such as export plans, customer profiles, offer processes),\u00a0<\/li>\n\n\n\n<li>mentoring and expert support to speed up the path to real export revenues.<\/li>\n<\/ul>\n\n\n\n<blockquote class=\"wp-block-quote is-layout-flow wp-block-quote-is-layout-flow\">\n<p>The aim is not only to share knowledge, but to support concrete export deals and international partnerships.<\/p>\n<\/blockquote>\n\n\n\n<h2 class=\"wp-block-heading\">Networking and new cooperation opportunities<\/h2>\n\n\n\n<p>The day concluded with an informal networking session, giving participants an opportunity to:<\/p>\n\n\n\n<ul class=\"wp-block-list\">\n<li>build new connections with programme partners and experts,\u00a0<\/li>\n\n\n\n<li>share their company plans and challenges,\u00a0<\/li>\n\n\n\n<li>discuss potential cooperation ideas at regional and international level.<\/li>\n<\/ul>\n\n\n\n<p>Such meetings often mark the first steps towards new joint projects and export deals.<\/p>\n\n\n\n<blockquote class=\"wp-block-quote is-layout-flow wp-block-quote-is-layout-flow\">\n<p>In the coming months, the focus will be on ensuring that good ideas and strategies do not remain on paper, but lead Armenian companies step by step to concrete results in foreign markets.<\/p>\n<\/blockquote>\n\n\n\n<p>Those interested in joining the programme or exploring cooperation opportunities are encouraged to contact the Visionest Institute and its partners now.<\/p>\n\n\n\n<h2 class=\"wp-block-heading\">LOOKING BACK AT THE PREVIOUS PROGRAMME<\/h2>\n\n\n\n<p>The SME export training programme implemented in Armenia by Estonian development cooperation and the Visionest Institute is a strong example of Estonia\u2019s successful contribution to Armenia\u2019s economic development.<\/p>\n\n\n\n<ul class=\"wp-block-list\">\n<li>Building a sustainable local ecosystem and network. In addition to training entrepreneurs, an actively engaged support network of 86 exporters emerged in Armenia. Local business support organisations (BSOs) were also involved so that the methodologies and practical tools introduced from Estonia remain in use by local institutions after the project\u2019s end.<\/li>\n\n\n\n<li>Practical, wide\u2011ranging boost to export capacity. The programme originally involved 60 Armenian small and medium\u2011sized enterprises (SMEs), of which 47 companies (a total of 64 individual participants) successfully completed the programme, gaining the knowledge and tools needed to enter international markets.<\/li>\n\n\n\n<li>Activating new exporters. The programme filled an important gap in Armenia\u2019s trade capabilities by reaching those most in need of support. For 68.6% of participants, this was the first export\u2011related training or advisory programme they had ever taken part in.<\/li>\n\n\n\n<li>Strong inclusion of women leaders and regions. Particular attention was paid to inclusion and regional development. Exactly 50% of graduating companies were led or co\u2011founded by women, and half of the participating firms were based outside the capital Yerevan, helping reduce the capital\u2011centric nature of the economy.<\/li>\n\n\n\n<li>Tangible business results and plans. The training focused on real steps: during the programme, 71.4% of participants set concrete export goals for their company, 68.6% conducted market and competition analyses, and 65.7% selected 1\u20133 new priority target markets. A total of 71.4% plan to use the export business plan created in the programme as a practical guide for their daily operations.<\/li>\n<\/ul>\n\n\n\n<ul class=\"wp-block-list\">\n<li>Major progress in complex export skills. Entrepreneurs made a significant leap in specific competencies required for international trade. The strongest skills growth was in digital sales on foreign markets (66.3% improvement), choosing market entry models (61.8%), and understanding complex EU certificates and regulations (59.6%).<\/li>\n\n\n\n<li>Integrating AI and boosting digital skills. As many participants needed to strengthen their digital skills and independent information\u2011seeking abilities, active training in AI tools was integrated into the programme to help overcome language and information barriers. As a result, 54.3% of participants believe they will use AI tools in their export work almost every week.<\/li>\n\n\n\n<li>Exceptionally high participant satisfaction and personal impact. Programme quality and relevance are confirmed by a very high overall satisfaction score \u2013 4.74 out of 5. Around 88.6% of participants said the programme had a medium, large or even \u201clife\u2011changing\u201d impact on them personally, and 77.2% saw a strong positive impact on their entire company.<\/li>\n<\/ul>\n\n\n\n<figure class=\"wp-block-image size-large\"><img decoding=\"async\" width=\"1280\" height=\"689\" src=\"https:\/\/visionest.institute\/wp-content\/uploads\/2026\/04\/Screenshot-2026-04-13-at-11.03.28-1280x689.png\" alt=\"V\u00e4lisminister Margus Tsahkna r\u00f5hutas Eesti kogemust v\u00e4ikese, kuid tugevalt ekspordile orienteeritud majandusena ning valmisolekut seda kogemust Armeeniaga jagada. Foto: SIMONYAN HAKOB\" class=\"wp-image-45403\" srcset=\"https:\/\/visionest.institute\/wp-content\/uploads\/2026\/04\/Screenshot-2026-04-13-at-11.03.28-1280x689.png 1280w, https:\/\/visionest.institute\/wp-content\/uploads\/2026\/04\/Screenshot-2026-04-13-at-11.03.28-600x323.png 600w, https:\/\/visionest.institute\/wp-content\/uploads\/2026\/04\/Screenshot-2026-04-13-at-11.03.28-768x414.png 768w, https:\/\/visionest.institute\/wp-content\/uploads\/2026\/04\/Screenshot-2026-04-13-at-11.03.28-1536x827.png 1536w, https:\/\/visionest.institute\/wp-content\/uploads\/2026\/04\/Screenshot-2026-04-13-at-11.03.28.png 2024w\" sizes=\"(max-width: 1280px) 100vw, 1280px\" \/><figcaption class=\"wp-element-caption\">Foreign Minister Margus Tsahkna underlined Estonia\u2019s experience as a small but strongly export\u2011oriented economy and its readiness to share this experience with Armenia. Photo: SIMONYAN HAKOB<\/figcaption><\/figure>\n\n\n\n<h2 class=\"wp-block-heading\">Estonia\u2019s contribution in Armenia is long\u2011term and consistent.<\/h2>\n\n\n\n<p>Continued support and launch of the new Export Acceleration Programme. Building on the success of the previous programme, Visionest Institute will, with ESTDEV funding, launch a new, advanced\u2011level Export Acceleration Programme in May 2026. This free programme will select 40 Armenian medium and large companies with prior export experience and an annual turnover of at least EUR 500,000, supporting their strategic and rapid expansion into new international markets.<\/p>\n\n\n\n<p>Deepened practical mentoring and focus on regional development. The new accelerator will offer even stronger individual support \u2013 in addition to seven practical learning modules, the 10 most active companies will take part in a dedicated 1:1 mentoring programme in the autumn. The strong inclusion focus will continue: preference will be given to companies led by women and to those operating outside the capital, ensuring broad\u2011based and sustainable development of Armenia\u2019s economy with support from Estonia.<\/p>\n\n\n\n<p><\/p>\n","protected":false},"excerpt":{"rendered":"<p>A new Export Acceleration Programme has been officially launched in Yerevan to help Armenian companies grow beyond the domestic market and enter international markets.<\/p>\n","protected":false},"author":9235,"featured_media":45398,"comment_status":"closed","ping_status":"open","sticky":false,"template":"","format":"standard","meta":{"_acf_changed":false,"content-type":"","footnotes":""},"categories":[6424,6932],"tags":[5758,6425,6535,6590,6934,6935,6977,6978,6979,6980,6982,6983,6984,6985,6986],"class_list":["post-45643","post","type-post","status-publish","format-standard","has-post-thumbnail","hentry","category-armenia","category-export-acceleration-programme","tag-export","tag-armenia","tag-export-training-program-en","tag-estdev-en","tag-margus-tsahkna","tag-valisminister","tag-andres-aaremaa","tag-anu-mall-naarits-3","tag-anushik-avetyan","tag-astghik-sargsyan","tag-export-acceleration-programme","tag-jerevan","tag-katrin-buder-pelz","tag-klas-waldenstrom","tag-yerevan"],"acf":[],"yoast_head":"<!-- This site is optimized with the Yoast SEO plugin v27.4 - https:\/\/yoast.com\/product\/yoast-seo-wordpress\/ -->\n<title>Photo Gallery \u27e9 Export Acceleration Programme Launched in Yerevan: From Strategy to Action &#8226; Visionest<\/title>\n<meta name=\"robots\" content=\"index, follow, max-snippet:-1, max-image-preview:large, max-video-preview:-1\" \/>\n<link rel=\"canonical\" href=\"https:\/\/visionest.institute\/en\/2026\/04\/13\/ekspordikiirendi-programm-kaivitus-jerevanis-strateegiast-tegudeni\/\" \/>\n<meta property=\"og:locale\" content=\"en_US\" \/>\n<meta property=\"og:type\" content=\"article\" \/>\n<meta property=\"og:title\" content=\"Photo Gallery \u27e9 Export Acceleration Programme Launched in Yerevan: From Strategy to Action &#8226; Visionest\" \/>\n<meta property=\"og:description\" content=\"A new Export Acceleration Programme has been officially launched in Yerevan to help Armenian companies grow beyond the domestic market and enter international markets.\" \/>\n<meta property=\"og:url\" content=\"https:\/\/visionest.institute\/en\/2026\/04\/13\/ekspordikiirendi-programm-kaivitus-jerevanis-strateegiast-tegudeni\/\" \/>\n<meta property=\"og:site_name\" content=\"Visionest\" \/>\n<meta property=\"article:published_time\" content=\"2026-04-13T04:06:22+00:00\" \/>\n<meta property=\"article:modified_time\" content=\"2026-04-30T05:44:50+00:00\" \/>\n<meta property=\"og:image\" content=\"https:\/\/visionest.institute\/wp-content\/uploads\/2026\/04\/armeenia-avamine-1280x1280.png\" \/>\n\t<meta property=\"og:image:width\" content=\"1280\" \/>\n\t<meta property=\"og:image:height\" content=\"1280\" \/>\n\t<meta property=\"og:image:type\" content=\"image\/png\" \/>\n<meta name=\"author\" content=\"Rain Uusen\" \/>\n<meta name=\"twitter:card\" content=\"summary_large_image\" \/>\n<meta name=\"twitter:label1\" content=\"Written by\" \/>\n\t<meta name=\"twitter:data1\" content=\"Rain Uusen\" \/>\n\t<meta name=\"twitter:label2\" content=\"Est. reading time\" \/>\n\t<meta name=\"twitter:data2\" content=\"8 minutes\" \/>\n<script type=\"application\/ld+json\" class=\"yoast-schema-graph\">{\"@context\":\"https:\\\/\\\/schema.org\",\"@graph\":[{\"@type\":[\"Article\",\"BlogPosting\"],\"@id\":\"https:\\\/\\\/visionest.institute\\\/en\\\/2026\\\/04\\\/13\\\/ekspordikiirendi-programm-kaivitus-jerevanis-strateegiast-tegudeni\\\/#article\",\"isPartOf\":{\"@id\":\"https:\\\/\\\/visionest.institute\\\/en\\\/2026\\\/04\\\/13\\\/ekspordikiirendi-programm-kaivitus-jerevanis-strateegiast-tegudeni\\\/\"},\"author\":{\"name\":\"Rain Uusen\",\"@id\":\"https:\\\/\\\/visionest.institute\\\/en\\\/#\\\/schema\\\/person\\\/5181eda3bc646b8166ead9f629e5b4e8\"},\"headline\":\"Photo Gallery \u27e9 Export Acceleration Programme Launched in Yerevan: From Strategy to Action\",\"datePublished\":\"2026-04-13T04:06:22+00:00\",\"dateModified\":\"2026-04-30T05:44:50+00:00\",\"mainEntityOfPage\":{\"@id\":\"https:\\\/\\\/visionest.institute\\\/en\\\/2026\\\/04\\\/13\\\/ekspordikiirendi-programm-kaivitus-jerevanis-strateegiast-tegudeni\\\/\"},\"wordCount\":1538,\"publisher\":{\"@id\":\"https:\\\/\\\/visionest.institute\\\/en\\\/#organization\"},\"image\":{\"@id\":\"https:\\\/\\\/visionest.institute\\\/en\\\/2026\\\/04\\\/13\\\/ekspordikiirendi-programm-kaivitus-jerevanis-strateegiast-tegudeni\\\/#primaryimage\"},\"thumbnailUrl\":\"https:\\\/\\\/visionest.institute\\\/wp-content\\\/uploads\\\/2026\\\/04\\\/armeenia-avamine.png\",\"keywords\":[\"Export\",\"Armenia\",\"export training program\",\"ESTDEV\",\"Margus Tsahkna\",\"v\u00e4lisminister\",\"Andres \u00c4\u00e4remaa\",\"Anu\u2011Mall Naarits\",\"Anushik Avetyan\",\"Astghik Sargsyan\",\"Export Acceleration Programme\",\"jerevan\",\"Katrin Buder\u2011Pelz\",\"Klas Waldenstr\u00f6m\",\"yerevan\"],\"articleSection\":[\"Armenia\",\"Export Acceleration Programme\"],\"inLanguage\":\"en-US\"},{\"@type\":\"WebPage\",\"@id\":\"https:\\\/\\\/visionest.institute\\\/en\\\/2026\\\/04\\\/13\\\/ekspordikiirendi-programm-kaivitus-jerevanis-strateegiast-tegudeni\\\/\",\"url\":\"https:\\\/\\\/visionest.institute\\\/en\\\/2026\\\/04\\\/13\\\/ekspordikiirendi-programm-kaivitus-jerevanis-strateegiast-tegudeni\\\/\",\"name\":\"Photo Gallery \u27e9 Export Acceleration Programme Launched in Yerevan: From Strategy to Action &#8226; Visionest\",\"isPartOf\":{\"@id\":\"https:\\\/\\\/visionest.institute\\\/en\\\/#website\"},\"primaryImageOfPage\":{\"@id\":\"https:\\\/\\\/visionest.institute\\\/en\\\/2026\\\/04\\\/13\\\/ekspordikiirendi-programm-kaivitus-jerevanis-strateegiast-tegudeni\\\/#primaryimage\"},\"image\":{\"@id\":\"https:\\\/\\\/visionest.institute\\\/en\\\/2026\\\/04\\\/13\\\/ekspordikiirendi-programm-kaivitus-jerevanis-strateegiast-tegudeni\\\/#primaryimage\"},\"thumbnailUrl\":\"https:\\\/\\\/visionest.institute\\\/wp-content\\\/uploads\\\/2026\\\/04\\\/armeenia-avamine.png\",\"datePublished\":\"2026-04-13T04:06:22+00:00\",\"dateModified\":\"2026-04-30T05:44:50+00:00\",\"breadcrumb\":{\"@id\":\"https:\\\/\\\/visionest.institute\\\/en\\\/2026\\\/04\\\/13\\\/ekspordikiirendi-programm-kaivitus-jerevanis-strateegiast-tegudeni\\\/#breadcrumb\"},\"inLanguage\":\"en-US\",\"potentialAction\":[{\"@type\":\"ReadAction\",\"target\":[\"https:\\\/\\\/visionest.institute\\\/en\\\/2026\\\/04\\\/13\\\/ekspordikiirendi-programm-kaivitus-jerevanis-strateegiast-tegudeni\\\/\"]}]},{\"@type\":\"ImageObject\",\"inLanguage\":\"en-US\",\"@id\":\"https:\\\/\\\/visionest.institute\\\/en\\\/2026\\\/04\\\/13\\\/ekspordikiirendi-programm-kaivitus-jerevanis-strateegiast-tegudeni\\\/#primaryimage\",\"url\":\"https:\\\/\\\/visionest.institute\\\/wp-content\\\/uploads\\\/2026\\\/04\\\/armeenia-avamine.png\",\"contentUrl\":\"https:\\\/\\\/visionest.institute\\\/wp-content\\\/uploads\\\/2026\\\/04\\\/armeenia-avamine.png\",\"width\":1920,\"height\":1920,\"caption\":\"V\u00f5rgustikud ja uued koost\u00f6\u00f6v\u00f5imalused Armeenia ja Eesti ettev\u00f5tete vahel muutusid j\u00e4lle tugevamaks. \\\/ Networks and new cooperation opportunities between Armenian and Estonian companies have been strengthened once again.\"},{\"@type\":\"BreadcrumbList\",\"@id\":\"https:\\\/\\\/visionest.institute\\\/en\\\/2026\\\/04\\\/13\\\/ekspordikiirendi-programm-kaivitus-jerevanis-strateegiast-tegudeni\\\/#breadcrumb\",\"itemListElement\":[{\"@type\":\"ListItem\",\"position\":1,\"name\":\"Home\",\"item\":\"https:\\\/\\\/visionest.institute\\\/en\\\/\"},{\"@type\":\"ListItem\",\"position\":2,\"name\":\"Photo Gallery \u27e9 Export Acceleration Programme Launched in Yerevan: From Strategy to Action\"}]},{\"@type\":\"WebSite\",\"@id\":\"https:\\\/\\\/visionest.institute\\\/en\\\/#website\",\"url\":\"https:\\\/\\\/visionest.institute\\\/en\\\/\",\"name\":\"Visionest Institute\",\"description\":\"\",\"publisher\":{\"@id\":\"https:\\\/\\\/visionest.institute\\\/en\\\/#organization\"},\"potentialAction\":[{\"@type\":\"SearchAction\",\"target\":{\"@type\":\"EntryPoint\",\"urlTemplate\":\"https:\\\/\\\/visionest.institute\\\/en\\\/?s={search_term_string}\"},\"query-input\":{\"@type\":\"PropertyValueSpecification\",\"valueRequired\":true,\"valueName\":\"search_term_string\"}}],\"inLanguage\":\"en-US\"},{\"@type\":\"Organization\",\"@id\":\"https:\\\/\\\/visionest.institute\\\/en\\\/#organization\",\"name\":\"Visionest Institute\",\"url\":\"https:\\\/\\\/visionest.institute\\\/en\\\/\",\"logo\":{\"@type\":\"ImageObject\",\"inLanguage\":\"en-US\",\"@id\":\"https:\\\/\\\/visionest.institute\\\/en\\\/#\\\/schema\\\/logo\\\/image\\\/\",\"url\":\"https:\\\/\\\/visionest.institute\\\/wp-content\\\/uploads\\\/2023\\\/08\\\/visionestlogo.png\",\"contentUrl\":\"https:\\\/\\\/visionest.institute\\\/wp-content\\\/uploads\\\/2023\\\/08\\\/visionestlogo.png\",\"width\":488,\"height\":235,\"caption\":\"Visionest Institute\"},\"image\":{\"@id\":\"https:\\\/\\\/visionest.institute\\\/en\\\/#\\\/schema\\\/logo\\\/image\\\/\"}},{\"@type\":\"Person\",\"@id\":\"https:\\\/\\\/visionest.institute\\\/en\\\/#\\\/schema\\\/person\\\/5181eda3bc646b8166ead9f629e5b4e8\",\"name\":\"Rain Uusen\",\"url\":\"https:\\\/\\\/visionest.institute\\\/en\\\/author\\\/rainuusen\\\/\"}]}<\/script>\n<!-- \/ Yoast SEO plugin. -->","yoast_head_json":{"title":"Photo Gallery \u27e9 Export Acceleration Programme Launched in Yerevan: From Strategy to Action &#8226; Visionest","robots":{"index":"index","follow":"follow","max-snippet":"max-snippet:-1","max-image-preview":"max-image-preview:large","max-video-preview":"max-video-preview:-1"},"canonical":"https:\/\/visionest.institute\/en\/2026\/04\/13\/ekspordikiirendi-programm-kaivitus-jerevanis-strateegiast-tegudeni\/","og_locale":"en_US","og_type":"article","og_title":"Photo Gallery \u27e9 Export Acceleration Programme Launched in Yerevan: From Strategy to Action &#8226; Visionest","og_description":"A new Export Acceleration Programme has been officially launched in Yerevan to help Armenian companies grow beyond the domestic market and enter international markets.","og_url":"https:\/\/visionest.institute\/en\/2026\/04\/13\/ekspordikiirendi-programm-kaivitus-jerevanis-strateegiast-tegudeni\/","og_site_name":"Visionest","article_published_time":"2026-04-13T04:06:22+00:00","article_modified_time":"2026-04-30T05:44:50+00:00","og_image":[{"width":1280,"height":1280,"url":"https:\/\/visionest.institute\/wp-content\/uploads\/2026\/04\/armeenia-avamine-1280x1280.png","type":"image\/png"}],"author":"Rain Uusen","twitter_card":"summary_large_image","twitter_misc":{"Written by":"Rain Uusen","Est. reading time":"8 minutes"},"schema":{"@context":"https:\/\/schema.org","@graph":[{"@type":["Article","BlogPosting"],"@id":"https:\/\/visionest.institute\/en\/2026\/04\/13\/ekspordikiirendi-programm-kaivitus-jerevanis-strateegiast-tegudeni\/#article","isPartOf":{"@id":"https:\/\/visionest.institute\/en\/2026\/04\/13\/ekspordikiirendi-programm-kaivitus-jerevanis-strateegiast-tegudeni\/"},"author":{"name":"Rain Uusen","@id":"https:\/\/visionest.institute\/en\/#\/schema\/person\/5181eda3bc646b8166ead9f629e5b4e8"},"headline":"Photo Gallery \u27e9 Export Acceleration Programme Launched in Yerevan: From Strategy to Action","datePublished":"2026-04-13T04:06:22+00:00","dateModified":"2026-04-30T05:44:50+00:00","mainEntityOfPage":{"@id":"https:\/\/visionest.institute\/en\/2026\/04\/13\/ekspordikiirendi-programm-kaivitus-jerevanis-strateegiast-tegudeni\/"},"wordCount":1538,"publisher":{"@id":"https:\/\/visionest.institute\/en\/#organization"},"image":{"@id":"https:\/\/visionest.institute\/en\/2026\/04\/13\/ekspordikiirendi-programm-kaivitus-jerevanis-strateegiast-tegudeni\/#primaryimage"},"thumbnailUrl":"https:\/\/visionest.institute\/wp-content\/uploads\/2026\/04\/armeenia-avamine.png","keywords":["Export","Armenia","export training program","ESTDEV","Margus Tsahkna","v\u00e4lisminister","Andres \u00c4\u00e4remaa","Anu\u2011Mall Naarits","Anushik Avetyan","Astghik Sargsyan","Export Acceleration Programme","jerevan","Katrin Buder\u2011Pelz","Klas Waldenstr\u00f6m","yerevan"],"articleSection":["Armenia","Export Acceleration Programme"],"inLanguage":"en-US"},{"@type":"WebPage","@id":"https:\/\/visionest.institute\/en\/2026\/04\/13\/ekspordikiirendi-programm-kaivitus-jerevanis-strateegiast-tegudeni\/","url":"https:\/\/visionest.institute\/en\/2026\/04\/13\/ekspordikiirendi-programm-kaivitus-jerevanis-strateegiast-tegudeni\/","name":"Photo Gallery \u27e9 Export Acceleration Programme Launched in Yerevan: From Strategy to Action &#8226; Visionest","isPartOf":{"@id":"https:\/\/visionest.institute\/en\/#website"},"primaryImageOfPage":{"@id":"https:\/\/visionest.institute\/en\/2026\/04\/13\/ekspordikiirendi-programm-kaivitus-jerevanis-strateegiast-tegudeni\/#primaryimage"},"image":{"@id":"https:\/\/visionest.institute\/en\/2026\/04\/13\/ekspordikiirendi-programm-kaivitus-jerevanis-strateegiast-tegudeni\/#primaryimage"},"thumbnailUrl":"https:\/\/visionest.institute\/wp-content\/uploads\/2026\/04\/armeenia-avamine.png","datePublished":"2026-04-13T04:06:22+00:00","dateModified":"2026-04-30T05:44:50+00:00","breadcrumb":{"@id":"https:\/\/visionest.institute\/en\/2026\/04\/13\/ekspordikiirendi-programm-kaivitus-jerevanis-strateegiast-tegudeni\/#breadcrumb"},"inLanguage":"en-US","potentialAction":[{"@type":"ReadAction","target":["https:\/\/visionest.institute\/en\/2026\/04\/13\/ekspordikiirendi-programm-kaivitus-jerevanis-strateegiast-tegudeni\/"]}]},{"@type":"ImageObject","inLanguage":"en-US","@id":"https:\/\/visionest.institute\/en\/2026\/04\/13\/ekspordikiirendi-programm-kaivitus-jerevanis-strateegiast-tegudeni\/#primaryimage","url":"https:\/\/visionest.institute\/wp-content\/uploads\/2026\/04\/armeenia-avamine.png","contentUrl":"https:\/\/visionest.institute\/wp-content\/uploads\/2026\/04\/armeenia-avamine.png","width":1920,"height":1920,"caption":"V\u00f5rgustikud ja uued koost\u00f6\u00f6v\u00f5imalused Armeenia ja Eesti ettev\u00f5tete vahel muutusid j\u00e4lle tugevamaks. \/ Networks and new cooperation opportunities between Armenian and Estonian companies have been strengthened once again."},{"@type":"BreadcrumbList","@id":"https:\/\/visionest.institute\/en\/2026\/04\/13\/ekspordikiirendi-programm-kaivitus-jerevanis-strateegiast-tegudeni\/#breadcrumb","itemListElement":[{"@type":"ListItem","position":1,"name":"Home","item":"https:\/\/visionest.institute\/en\/"},{"@type":"ListItem","position":2,"name":"Photo Gallery \u27e9 Export Acceleration Programme Launched in Yerevan: From Strategy to Action"}]},{"@type":"WebSite","@id":"https:\/\/visionest.institute\/en\/#website","url":"https:\/\/visionest.institute\/en\/","name":"Visionest Institute","description":"","publisher":{"@id":"https:\/\/visionest.institute\/en\/#organization"},"potentialAction":[{"@type":"SearchAction","target":{"@type":"EntryPoint","urlTemplate":"https:\/\/visionest.institute\/en\/?s={search_term_string}"},"query-input":{"@type":"PropertyValueSpecification","valueRequired":true,"valueName":"search_term_string"}}],"inLanguage":"en-US"},{"@type":"Organization","@id":"https:\/\/visionest.institute\/en\/#organization","name":"Visionest Institute","url":"https:\/\/visionest.institute\/en\/","logo":{"@type":"ImageObject","inLanguage":"en-US","@id":"https:\/\/visionest.institute\/en\/#\/schema\/logo\/image\/","url":"https:\/\/visionest.institute\/wp-content\/uploads\/2023\/08\/visionestlogo.png","contentUrl":"https:\/\/visionest.institute\/wp-content\/uploads\/2023\/08\/visionestlogo.png","width":488,"height":235,"caption":"Visionest Institute"},"image":{"@id":"https:\/\/visionest.institute\/en\/#\/schema\/logo\/image\/"}},{"@type":"Person","@id":"https:\/\/visionest.institute\/en\/#\/schema\/person\/5181eda3bc646b8166ead9f629e5b4e8","name":"Rain Uusen","url":"https:\/\/visionest.institute\/en\/author\/rainuusen\/"}]}},"_links":{"self":[{"href":"https:\/\/visionest.institute\/en\/wp-json\/wp\/v2\/posts\/45643","targetHints":{"allow":["GET"]}}],"collection":[{"href":"https:\/\/visionest.institute\/en\/wp-json\/wp\/v2\/posts"}],"about":[{"href":"https:\/\/visionest.institute\/en\/wp-json\/wp\/v2\/types\/post"}],"author":[{"embeddable":true,"href":"https:\/\/visionest.institute\/en\/wp-json\/wp\/v2\/users\/9235"}],"replies":[{"embeddable":true,"href":"https:\/\/visionest.institute\/en\/wp-json\/wp\/v2\/comments?post=45643"}],"version-history":[{"count":1,"href":"https:\/\/visionest.institute\/en\/wp-json\/wp\/v2\/posts\/45643\/revisions"}],"predecessor-version":[{"id":45645,"href":"https:\/\/visionest.institute\/en\/wp-json\/wp\/v2\/posts\/45643\/revisions\/45645"}],"wp:featuredmedia":[{"embeddable":true,"href":"https:\/\/visionest.institute\/en\/wp-json\/wp\/v2\/media\/45398"}],"wp:attachment":[{"href":"https:\/\/visionest.institute\/en\/wp-json\/wp\/v2\/media?parent=45643"}],"wp:term":[{"taxonomy":"category","embeddable":true,"href":"https:\/\/visionest.institute\/en\/wp-json\/wp\/v2\/categories?post=45643"},{"taxonomy":"post_tag","embeddable":true,"href":"https:\/\/visionest.institute\/en\/wp-json\/wp\/v2\/tags?post=45643"}],"curies":[{"name":"wp","href":"https:\/\/api.w.org\/{rel}","templated":true}]}}